{"id":207,"date":"2021-09-20T23:21:39","date_gmt":"2021-09-20T20:21:39","guid":{"rendered":"https:\/\/ekosistemgroup.com\/?p=207"},"modified":"2021-09-24T13:50:45","modified_gmt":"2021-09-24T10:50:45","slug":"ortam-olcumleri","status":"publish","type":"post","link":"https:\/\/ekosistemgroup.com\/?p=207","title":{"rendered":"Ortam \u00d6l\u00e7\u00fcmleri"},"content":{"rendered":"<section class=\"l-section\">\n<div class=\"l-section-h i-cf\">\n<p><strong>EKOS\u0130STEM GROUP, \u0130\u015e H\u0130JYEN\u0130 \u00d6L\u00c7\u00dcMLER\u0130NDE DE EN G\u00dcVENL\u0130<\/strong><\/p>\n<p>30.06.2012 tarih ve 28339 say\u0131l\u0131 Resmi Gazetede yay\u0131mlanarak y\u00fcr\u00fcrl\u00fc\u011fe giren 6331 Say\u0131l\u0131 \u0130\u015f Sa\u011fl\u0131\u011f\u0131 ve G\u00fcvenli\u011fi Yasas\u0131\u2019n\u0131na g\u00f6re i\u015fverenler, i\u015f sa\u011fl\u0131\u011f\u0131 ve g\u00fcvenli\u011fi y\u00f6n\u00fcnden \u00e7al\u0131\u015fma ortam\u0131na ve \u00e7al\u0131\u015fanlar\u0131n bu ortamda maruz kald\u0131\u011f\u0131 risklerin belirlenmesine y\u00f6nelik gerekli kontrol, \u00f6l\u00e7\u00fcm, inceleme ve ara\u015ft\u0131rmalar\u0131n yap\u0131lmas\u0131n\u0131 ve gerekli \u00f6l\u00e7\u00fcmlerin yapt\u0131r\u0131lmas\u0131 zorunlu hale gelmi\u015ftir.<\/p>\n<p>20.08.2013 tarih ve 28741 say\u0131l\u0131 Resmi Gazetede yay\u0131mlanan ve 20.02.2014 tarihinden itibaren y\u00fcr\u00fcrl\u00fc\u011fe giren \u0130\u015f Hijyeni \u00d6l\u00e7\u00fcm, Test ve Analizi Yapan Laboratuvarlar Hakk\u0131nda Y\u00f6netmeli\u011fince, i\u015fverenler, i\u015fyerinde bulunan, kullan\u0131lan veya herhangi bir \u015fekilde i\u015flem g\u00f6ren maddelerin ve \u00e7al\u0131\u015fma ortam ko\u015fullar\u0131n\u0131n tehlikelerinden, zararl\u0131 etkilerinden \u00e7al\u0131\u015fanlar\u0131 korumak zorundad\u0131r.<\/p>\n<p>G\u00fcvenli bir \u00e7al\u0131\u015fma ortam\u0131 sa\u011flamak amac\u0131yla \u00e7al\u0131\u015fma ortam\u0131ndaki ki\u015fisel maruziyetlere veya \u00e7al\u0131\u015fma ortam\u0131na y\u00f6nelik fiziksel, kimyasal ve biyolojik etkenlere y\u00f6nelik \u00f6l\u00e7\u00fcm, test, analiz ve de\u011ferlendirmeleri, T\u00fcrk akreditasyon kurundan 17025 yeterlili\u011fi ve \u0130SG\u00dcM i\u015f hijyeni laboratuar\u0131 yeterlili\u011fine sahip laboratuarlara yapt\u0131rmakla y\u00fck\u00fcml\u00fcd\u00fcr. Bu Y\u00f6netmelik h\u00fck\u00fcmleri uyar\u0131nca yap\u0131lan b\u00fct\u00fcn i\u015f hijyeni \u00f6l\u00e7\u00fcm, test, analiz ve de\u011ferlendirme sonu\u00e7lar\u0131 ile ilgili kay\u0131tlar, denetimlerde istenildi\u011finde g\u00f6sterilmek \u00fczere i\u015fyerinde saklanmal\u0131d\u0131r.<\/p>\n<p>EKOS\u0130STEM GROUP i\u015ftiraki olan SAFER Teknik ve SYS \u00c7evre Laboratuvar Birimi, i\u015f sa\u011fl\u0131\u011f\u0131 ve g\u00fcvenli\u011fi a\u00e7\u0131s\u0131ndan TS EN ISO 17025 standard\u0131 kriterlerine uygun olarak a\u015fa\u011f\u0131da belirtilen \u00f6l\u00e7\u00fcmleri ger\u00e7ekle\u015ftirilmesinde size \u00e7\u00f6z\u00fcm \u00f6nerileri sunmaktad\u0131r.<\/p>\n<ul>\n<li>Ortam G\u00fcr\u00fclt\u00fc \u00d6l\u00e7\u00fcm\u00fc, G\u00fcr\u00fclt\u00fc Haritas\u0131<\/li>\n<li>Ki\u015fisel G\u00fcr\u00fclt\u00fc Maruziyet \u00d6l\u00e7\u00fcm\u00fc<\/li>\n<li>El-kol, T\u00fcm V\u00fccut Titre\u015fim \u00d6l\u00e7\u00fcm\u00fc<\/li>\n<li>Organik, \u0130norganik Gaz \u00d6l\u00e7\u00fcm\u00fc<\/li>\n<li>Ki\u015fisel Gaz Maruziyet \u00d6l\u00e7\u00fcm\u00fc<\/li>\n<li>Ortam Toz \u00d6l\u00e7\u00fcm\u00fc<\/li>\n<li>Ki\u015fisel Toz Maruziyet \u00d6l\u00e7\u00fcm\u00fc<\/li>\n<li>Ayd\u0131nlatma \u00d6l\u00e7\u00fcm\u00fc<\/li>\n<li>Termal Konfor (S\u0131cakl\u0131k, Nem, Hava Ak\u0131m H\u0131z\u0131)<\/li>\n<\/ul>\n<\/div>\n<\/section>\n","protected":false},"excerpt":{"rendered":"<p>EKOS\u0130STEM GROUP, \u0130\u015e H\u0130JYEN\u0130 \u00d6L\u00c7\u00dcMLER\u0130NDE DE EN G\u00dcVENL\u0130 30.06.2012 tarih ve 28339 say\u0131l\u0131 Resmi Gazetede yay\u0131mlanarak y\u00fcr\u00fcrl\u00fc\u011fe giren 6331 Say\u0131l\u0131 \u0130\u015f Sa\u011fl\u0131\u011f\u0131 ve G\u00fcvenli\u011fi Yasas\u0131\u2019n\u0131na g\u00f6re i\u015fverenler, i\u015f sa\u011fl\u0131\u011f\u0131 ve g\u00fcvenli\u011fi y\u00f6n\u00fcnden \u00e7al\u0131\u015fma ortam\u0131na ve \u00e7al\u0131\u015fanlar\u0131n bu ortamda maruz kald\u0131\u011f\u0131 risklerin belirlenmesine y\u00f6nelik gerekli kontrol, \u00f6l\u00e7\u00fcm, inceleme ve ara\u015ft\u0131rmalar\u0131n yap\u0131lmas\u0131n\u0131 ve gerekli \u00f6l\u00e7\u00fcmlerin yapt\u0131r\u0131lmas\u0131 zorunlu [&hellip;]<\/p>\n","protected":false},"author":2,"featured_media":208,"comment_status":"open","ping_status":"open","sticky":false,"template":"","format":"standard","meta":[],"categories":[1],"tags":[13],"_links":{"self":[{"href":"https:\/\/ekosistemgroup.com\/index.php?rest_route=\/wp\/v2\/posts\/207"}],"collection":[{"href":"https:\/\/ekosistemgroup.com\/index.php?rest_route=\/wp\/v2\/posts"}],"about":[{"href":"https:\/\/ekosistemgroup.com\/index.php?rest_route=\/wp\/v2\/types\/post"}],"author":[{"embeddable":true,"href":"https:\/\/ekosistemgroup.com\/index.php?rest_route=\/wp\/v2\/users\/2"}],"replies":[{"embeddable":true,"href":"https:\/\/ekosistemgroup.com\/index.php?rest_route=%2Fwp%2Fv2%2Fcomments&post=207"}],"version-history":[{"count":3,"href":"https:\/\/ekosistemgroup.com\/index.php?rest_route=\/wp\/v2\/posts\/207\/revisions"}],"predecessor-version":[{"id":512,"href":"https:\/\/ekosistemgroup.com\/index.php?rest_route=\/wp\/v2\/posts\/207\/revisions\/512"}],"wp:featuredmedia":[{"embeddable":true,"href":"https:\/\/ekosistemgroup.com\/index.php?rest_route=\/wp\/v2\/media\/208"}],"wp:attachment":[{"href":"https:\/\/ekosistemgroup.com\/index.php?rest_route=%2Fwp%2Fv2%2Fmedia&parent=207"}],"wp:term":[{"taxonomy":"category","embeddable":true,"href":"https:\/\/ekosistemgroup.com\/index.php?rest_route=%2Fwp%2Fv2%2Fcategories&post=207"},{"taxonomy":"post_tag","embeddable":true,"href":"https:\/\/ekosistemgroup.com\/index.php?rest_route=%2Fwp%2Fv2%2Ftags&post=207"}],"curies":[{"name":"wp","href":"https:\/\/api.w.org\/{rel}","templated":true}]}}